{"id":12990,"date":"2021-12-08T16:20:04","date_gmt":"2021-12-08T15:20:04","guid":{"rendered":"https:\/\/fulbat.com\/eicma-2021-salon-international-de-la-moto\/"},"modified":"2025-04-16T16:16:50","modified_gmt":"2025-04-16T14:16:50","slug":"eicma-2021-salon-international-de-la-moto","status":"publish","type":"post","link":"https:\/\/fulbat.com\/fr\/eicma-2021-salon-international-de-la-moto\/","title":{"rendered":"EICMA 2021"},"content":{"rendered":"<section class=\"l-section wpb_row us_custom_de67d1db height_medium with_img parallax_ver parallaxdir_reversed\"><div class=\"l-section-img\" role=\"img\" data-img-width=\"1440\" data-img-height=\"500\" style=\"background-image: url(https:\/\/fulbat.com\/wp-content\/uploads\/2020\/07\/starter-battery-motorsport-motorcycle-3.jpg);background-position: bottom center;background-repeat: no-repeat;\"><\/div><div class=\"l-section-h i-cf\"><div class=\"g-cols vc_row via_flex valign_top type_default stacking_default\"><div class=\"vc_col-sm-12 wpb_column vc_column_container us_animate_afl\" style=\"animation-delay:0.5s\"><div class=\"vc_column-inner\"><div class=\"wpb_wrapper\">[vc_custom_heading source=\u00a0\u00bbpost_title\u00a0\u00bb font_container=\u00a0\u00bbtag:h1|text_align:left\u00a0\u00bb use_theme_fonts=\u00a0\u00bbyes\u00a0\u00bb css=\u00a0\u00bb%7B%22default%22%3A%7B%22color%22%3A%22%23ffffff%22%2C%22font-weight%22%3A%22600%22%2C%22text-transform%22%3A%22uppercase%22%7D%7D\u00a0\u00bb]<\/div><\/div><\/div><\/div><\/div><\/section><section class=\"l-section wpb_row height_medium\"><div class=\"l-section-h i-cf\"><div class=\"g-cols vc_row via_flex valign_top type_default stacking_default\"><div class=\"vc_col-sm-4 wpb_column vc_column_container\"><div class=\"vc_column-inner\"><div class=\"wpb_wrapper\"><div class=\"wpb_text_column\"><div class=\"wpb_wrapper\"><p style=\"text-align: justify;\">Comme vous le savez, le salon international de la moto EICMA 2021 a ferm\u00e9 ses portes la semaine derni\u00e8re. Apr\u00e8s une pause de deux ans due \u00e0 une crise de sant\u00e9, nous \u00e9tions tr\u00e8s ravis et heureux de retourner \u00e0 ce c\u00e9l\u00e8bre salon international de la moto. Nous avons \u00e9t\u00e9 ravis de pr\u00e9senter tous nos nouveaux produits, en particulier notre nouvelle gamme de chargeurs intelligents et de batteries pr\u00eates \u00e0 l&#8217;emploi.<\/p>\n<p>Merci \u00e0 tous ceux qui ont eu l&rsquo;opportunit\u00e9 de venir nous voir sur le stand !<\/p>\n<p data-testid=\"3uBV6HBnU\">Rendez-vous en 2022 !<\/p>\n<\/div><\/div><\/div><\/div><\/div><div class=\"vc_col-sm-8 wpb_column vc_column_container\"><div class=\"vc_column-inner\"><div class=\"wpb_wrapper\"><div class=\"w-video align_center ratio_16x9 has_iframe\"><div class=\"w-video-h\"><iframe title=\"Youtube video player\" src=\"\/\/www.youtube.com\/embed\/1dMu5UdBolk?autoplay=0&controls=0&origin=https:\/\/fulbat.com\/fr\/&loop=0&mute=0\" allowfullscreen=\"1\" loading=\"lazy\"><\/iframe><\/div><div class=\"w-video-icon\" style=\"font-size:1.5rem;background:rgba(0,0,0,0.5);color:#fff\"><\/div><\/div><\/div><\/div><\/div><\/div><\/div><\/section>\n","protected":false},"excerpt":{"rendered":"[vc_custom_heading source=\"post_title\" font_container=\"tag:h1|text_align:left\" use_theme_fonts=\"yes\" css=\"%7B%22default%22%3A%7B%22color%22%3A%22%23ffffff%22%2C%22font-weight%22%3A%22600%22%2C%22text-transform%22%3A%22uppercase%22%7D%7D\"]Comme vous le savez, le salon international de la moto EICMA 2021 a ferm\u00e9 ses portes la semaine derni\u00e8re. Apr\u00e8s une pause de deux ans due \u00e0 une crise de sant\u00e9, nous \u00e9tions tr\u00e8s ravis et heureux de retourner \u00e0 ce c\u00e9l\u00e8bre salon international de la moto. Nous avons \u00e9t\u00e9 ravis...","protected":false},"author":3,"featured_media":35555,"comment_status":"closed","ping_status":"open","sticky":false,"template":"","format":"standard","meta":{"footnotes":""},"categories":[932],"tags":[2324,2376,2325],"class_list":["post-12990","post","type-post","status-publish","format-standard","has-post-thumbnail","hentry","category-evenement","tag-eicma-fr","tag-international-motorcycle-show-fr","tag-salon-moto"],"yoast_head":"<!-- This site is optimized with the Yoast SEO plugin v26.9 - https:\/\/yoast.com\/product\/yoast-seo-wordpress\/ -->\n<title>EICMA 2021 - Fulbat<\/title>\n<meta name=\"robots\" content=\"index, follow, max-snippet:-1, max-image-preview:large, max-video-preview:-1\" \/>\n<link rel=\"canonical\" href=\"https:\/\/fulbat.com\/fr\/eicma-2021-salon-international-de-la-moto\/\" \/>\n<meta property=\"og:locale\" content=\"fr_FR\" \/>\n<meta property=\"og:type\" content=\"article\" \/>\n<meta property=\"og:title\" content=\"EICMA 2021 - Fulbat\" \/>\n<meta property=\"og:url\" content=\"https:\/\/fulbat.com\/fr\/eicma-2021-salon-international-de-la-moto\/\" \/>\n<meta property=\"og:site_name\" content=\"Fulbat\" \/>\n<meta property=\"article:published_time\" content=\"2021-12-08T15:20:04+00:00\" \/>\n<meta property=\"article:modified_time\" content=\"2025-04-16T14:16:50+00:00\" \/>\n<meta property=\"og:image\" content=\"https:\/\/fulbat.com\/wp-content\/uploads\/2021\/12\/EICMA-2021.jpg\" \/>\n\t<meta property=\"og:image:width\" content=\"704\" \/>\n\t<meta property=\"og:image:height\" content=\"426\" \/>\n\t<meta property=\"og:image:type\" content=\"image\/jpeg\" \/>\n<meta name=\"author\" content=\"fulbat-superadmin\" \/>\n<meta name=\"twitter:card\" content=\"summary_large_image\" \/>\n<meta name=\"twitter:label1\" content=\"\u00c9crit par\" \/>\n\t<meta name=\"twitter:data1\" content=\"fulbat-superadmin\" \/>\n\t<meta name=\"twitter:label2\" content=\"Dur\u00e9e de lecture estim\u00e9e\" \/>\n\t<meta name=\"twitter:data2\" content=\"1 minute\" \/>\n<script type=\"application\/ld+json\" class=\"yoast-schema-graph\">{\"@context\":\"https:\/\/schema.org\",\"@graph\":[{\"@type\":\"Article\",\"@id\":\"https:\/\/fulbat.com\/fr\/eicma-2021-salon-international-de-la-moto\/#article\",\"isPartOf\":{\"@id\":\"https:\/\/fulbat.com\/fr\/eicma-2021-salon-international-de-la-moto\/\"},\"author\":{\"name\":\"fulbat-superadmin\",\"@id\":\"https:\/\/fulbat.com\/fr\/#\/schema\/person\/250d9f842b73e48ada8b4da9b453b21a\"},\"headline\":\"EICMA 2021\",\"datePublished\":\"2021-12-08T15:20:04+00:00\",\"dateModified\":\"2025-04-16T14:16:50+00:00\",\"mainEntityOfPage\":{\"@id\":\"https:\/\/fulbat.com\/fr\/eicma-2021-salon-international-de-la-moto\/\"},\"wordCount\":209,\"image\":{\"@id\":\"https:\/\/fulbat.com\/fr\/eicma-2021-salon-international-de-la-moto\/#primaryimage\"},\"thumbnailUrl\":\"https:\/\/fulbat.com\/wp-content\/uploads\/2021\/12\/EICMA-2021.jpg\",\"keywords\":[\"EICMA\",\"International Motorcycle Show\",\"salon moto\"],\"articleSection\":[\"Ev\u00e8nement\"],\"inLanguage\":\"fr-FR\"},{\"@type\":\"WebPage\",\"@id\":\"https:\/\/fulbat.com\/fr\/eicma-2021-salon-international-de-la-moto\/\",\"url\":\"https:\/\/fulbat.com\/fr\/eicma-2021-salon-international-de-la-moto\/\",\"name\":\"EICMA 2021 - Fulbat\",\"isPartOf\":{\"@id\":\"https:\/\/fulbat.com\/fr\/#website\"},\"primaryImageOfPage\":{\"@id\":\"https:\/\/fulbat.com\/fr\/eicma-2021-salon-international-de-la-moto\/#primaryimage\"},\"image\":{\"@id\":\"https:\/\/fulbat.com\/fr\/eicma-2021-salon-international-de-la-moto\/#primaryimage\"},\"thumbnailUrl\":\"https:\/\/fulbat.com\/wp-content\/uploads\/2021\/12\/EICMA-2021.jpg\",\"datePublished\":\"2021-12-08T15:20:04+00:00\",\"dateModified\":\"2025-04-16T14:16:50+00:00\",\"author\":{\"@id\":\"https:\/\/fulbat.com\/fr\/#\/schema\/person\/250d9f842b73e48ada8b4da9b453b21a\"},\"breadcrumb\":{\"@id\":\"https:\/\/fulbat.com\/fr\/eicma-2021-salon-international-de-la-moto\/#breadcrumb\"},\"inLanguage\":\"fr-FR\",\"potentialAction\":[{\"@type\":\"ReadAction\",\"target\":[\"https:\/\/fulbat.com\/fr\/eicma-2021-salon-international-de-la-moto\/\"]}]},{\"@type\":\"ImageObject\",\"inLanguage\":\"fr-FR\",\"@id\":\"https:\/\/fulbat.com\/fr\/eicma-2021-salon-international-de-la-moto\/#primaryimage\",\"url\":\"https:\/\/fulbat.com\/wp-content\/uploads\/2021\/12\/EICMA-2021.jpg\",\"contentUrl\":\"https:\/\/fulbat.com\/wp-content\/uploads\/2021\/12\/EICMA-2021.jpg\",\"width\":704,\"height\":426,\"caption\":\"EICMA-2021\"},{\"@type\":\"BreadcrumbList\",\"@id\":\"https:\/\/fulbat.com\/fr\/eicma-2021-salon-international-de-la-moto\/#breadcrumb\",\"itemListElement\":[{\"@type\":\"ListItem\",\"position\":1,\"name\":\"Home\",\"item\":\"https:\/\/fulbat.com\/fr\/\"},{\"@type\":\"ListItem\",\"position\":2,\"name\":\"EICMA 2021\"}]},{\"@type\":\"WebSite\",\"@id\":\"https:\/\/fulbat.com\/fr\/#website\",\"url\":\"https:\/\/fulbat.com\/fr\/\",\"name\":\"Fulbat\",\"description\":\"Qualitative, performing &amp; reliable battery solutions\",\"potentialAction\":[{\"@type\":\"SearchAction\",\"target\":{\"@type\":\"EntryPoint\",\"urlTemplate\":\"https:\/\/fulbat.com\/fr\/?s={search_term_string}\"},\"query-input\":{\"@type\":\"PropertyValueSpecification\",\"valueRequired\":true,\"valueName\":\"search_term_string\"}}],\"inLanguage\":\"fr-FR\"},{\"@type\":\"Person\",\"@id\":\"https:\/\/fulbat.com\/fr\/#\/schema\/person\/250d9f842b73e48ada8b4da9b453b21a\",\"name\":\"fulbat-superadmin\",\"image\":{\"@type\":\"ImageObject\",\"inLanguage\":\"fr-FR\",\"@id\":\"https:\/\/fulbat.com\/fr\/#\/schema\/person\/image\/\",\"url\":\"https:\/\/secure.gravatar.com\/avatar\/7f8e9a0f3e293860edc0a43d78644b80b14f48266f34284cc2938e506533f2a7?s=96&d=mm&r=g\",\"contentUrl\":\"https:\/\/secure.gravatar.com\/avatar\/7f8e9a0f3e293860edc0a43d78644b80b14f48266f34284cc2938e506533f2a7?s=96&d=mm&r=g\",\"caption\":\"fulbat-superadmin\"},\"url\":\"https:\/\/fulbat.com\/fr\/author\/fulbat-superadmin\/\"}]}<\/script>\n<!-- \/ Yoast SEO plugin. -->","yoast_head_json":{"title":"EICMA 2021 - Fulbat","robots":{"index":"index","follow":"follow","max-snippet":"max-snippet:-1","max-image-preview":"max-image-preview:large","max-video-preview":"max-video-preview:-1"},"canonical":"https:\/\/fulbat.com\/fr\/eicma-2021-salon-international-de-la-moto\/","og_locale":"fr_FR","og_type":"article","og_title":"EICMA 2021 - Fulbat","og_url":"https:\/\/fulbat.com\/fr\/eicma-2021-salon-international-de-la-moto\/","og_site_name":"Fulbat","article_published_time":"2021-12-08T15:20:04+00:00","article_modified_time":"2025-04-16T14:16:50+00:00","og_image":[{"width":704,"height":426,"url":"https:\/\/fulbat.com\/wp-content\/uploads\/2021\/12\/EICMA-2021.jpg","type":"image\/jpeg"}],"author":"fulbat-superadmin","twitter_card":"summary_large_image","twitter_misc":{"\u00c9crit par":"fulbat-superadmin","Dur\u00e9e de lecture estim\u00e9e":"1 minute"},"schema":{"@context":"https:\/\/schema.org","@graph":[{"@type":"Article","@id":"https:\/\/fulbat.com\/fr\/eicma-2021-salon-international-de-la-moto\/#article","isPartOf":{"@id":"https:\/\/fulbat.com\/fr\/eicma-2021-salon-international-de-la-moto\/"},"author":{"name":"fulbat-superadmin","@id":"https:\/\/fulbat.com\/fr\/#\/schema\/person\/250d9f842b73e48ada8b4da9b453b21a"},"headline":"EICMA 2021","datePublished":"2021-12-08T15:20:04+00:00","dateModified":"2025-04-16T14:16:50+00:00","mainEntityOfPage":{"@id":"https:\/\/fulbat.com\/fr\/eicma-2021-salon-international-de-la-moto\/"},"wordCount":209,"image":{"@id":"https:\/\/fulbat.com\/fr\/eicma-2021-salon-international-de-la-moto\/#primaryimage"},"thumbnailUrl":"https:\/\/fulbat.com\/wp-content\/uploads\/2021\/12\/EICMA-2021.jpg","keywords":["EICMA","International Motorcycle Show","salon moto"],"articleSection":["Ev\u00e8nement"],"inLanguage":"fr-FR"},{"@type":"WebPage","@id":"https:\/\/fulbat.com\/fr\/eicma-2021-salon-international-de-la-moto\/","url":"https:\/\/fulbat.com\/fr\/eicma-2021-salon-international-de-la-moto\/","name":"EICMA 2021 - Fulbat","isPartOf":{"@id":"https:\/\/fulbat.com\/fr\/#website"},"primaryImageOfPage":{"@id":"https:\/\/fulbat.com\/fr\/eicma-2021-salon-international-de-la-moto\/#primaryimage"},"image":{"@id":"https:\/\/fulbat.com\/fr\/eicma-2021-salon-international-de-la-moto\/#primaryimage"},"thumbnailUrl":"https:\/\/fulbat.com\/wp-content\/uploads\/2021\/12\/EICMA-2021.jpg","datePublished":"2021-12-08T15:20:04+00:00","dateModified":"2025-04-16T14:16:50+00:00","author":{"@id":"https:\/\/fulbat.com\/fr\/#\/schema\/person\/250d9f842b73e48ada8b4da9b453b21a"},"breadcrumb":{"@id":"https:\/\/fulbat.com\/fr\/eicma-2021-salon-international-de-la-moto\/#breadcrumb"},"inLanguage":"fr-FR","potentialAction":[{"@type":"ReadAction","target":["https:\/\/fulbat.com\/fr\/eicma-2021-salon-international-de-la-moto\/"]}]},{"@type":"ImageObject","inLanguage":"fr-FR","@id":"https:\/\/fulbat.com\/fr\/eicma-2021-salon-international-de-la-moto\/#primaryimage","url":"https:\/\/fulbat.com\/wp-content\/uploads\/2021\/12\/EICMA-2021.jpg","contentUrl":"https:\/\/fulbat.com\/wp-content\/uploads\/2021\/12\/EICMA-2021.jpg","width":704,"height":426,"caption":"EICMA-2021"},{"@type":"BreadcrumbList","@id":"https:\/\/fulbat.com\/fr\/eicma-2021-salon-international-de-la-moto\/#breadcrumb","itemListElement":[{"@type":"ListItem","position":1,"name":"Home","item":"https:\/\/fulbat.com\/fr\/"},{"@type":"ListItem","position":2,"name":"EICMA 2021"}]},{"@type":"WebSite","@id":"https:\/\/fulbat.com\/fr\/#website","url":"https:\/\/fulbat.com\/fr\/","name":"Fulbat","description":"Qualitative, performing &amp; reliable battery solutions","potentialAction":[{"@type":"SearchAction","target":{"@type":"EntryPoint","urlTemplate":"https:\/\/fulbat.com\/fr\/?s={search_term_string}"},"query-input":{"@type":"PropertyValueSpecification","valueRequired":true,"valueName":"search_term_string"}}],"inLanguage":"fr-FR"},{"@type":"Person","@id":"https:\/\/fulbat.com\/fr\/#\/schema\/person\/250d9f842b73e48ada8b4da9b453b21a","name":"fulbat-superadmin","image":{"@type":"ImageObject","inLanguage":"fr-FR","@id":"https:\/\/fulbat.com\/fr\/#\/schema\/person\/image\/","url":"https:\/\/secure.gravatar.com\/avatar\/7f8e9a0f3e293860edc0a43d78644b80b14f48266f34284cc2938e506533f2a7?s=96&d=mm&r=g","contentUrl":"https:\/\/secure.gravatar.com\/avatar\/7f8e9a0f3e293860edc0a43d78644b80b14f48266f34284cc2938e506533f2a7?s=96&d=mm&r=g","caption":"fulbat-superadmin"},"url":"https:\/\/fulbat.com\/fr\/author\/fulbat-superadmin\/"}]}},"_links":{"self":[{"href":"https:\/\/fulbat.com\/fr\/wp-json\/wp\/v2\/posts\/12990","targetHints":{"allow":["GET"]}}],"collection":[{"href":"https:\/\/fulbat.com\/fr\/wp-json\/wp\/v2\/posts"}],"about":[{"href":"https:\/\/fulbat.com\/fr\/wp-json\/wp\/v2\/types\/post"}],"author":[{"embeddable":true,"href":"https:\/\/fulbat.com\/fr\/wp-json\/wp\/v2\/users\/3"}],"replies":[{"embeddable":true,"href":"https:\/\/fulbat.com\/fr\/wp-json\/wp\/v2\/comments?post=12990"}],"version-history":[{"count":9,"href":"https:\/\/fulbat.com\/fr\/wp-json\/wp\/v2\/posts\/12990\/revisions"}],"predecessor-version":[{"id":35590,"href":"https:\/\/fulbat.com\/fr\/wp-json\/wp\/v2\/posts\/12990\/revisions\/35590"}],"wp:featuredmedia":[{"embeddable":true,"href":"https:\/\/fulbat.com\/fr\/wp-json\/wp\/v2\/media\/35555"}],"wp:attachment":[{"href":"https:\/\/fulbat.com\/fr\/wp-json\/wp\/v2\/media?parent=12990"}],"wp:term":[{"taxonomy":"category","embeddable":true,"href":"https:\/\/fulbat.com\/fr\/wp-json\/wp\/v2\/categories?post=12990"},{"taxonomy":"post_tag","embeddable":true,"href":"https:\/\/fulbat.com\/fr\/wp-json\/wp\/v2\/tags?post=12990"}],"curies":[{"name":"wp","href":"https:\/\/api.w.org\/{rel}","templated":true}]}}